{"id":227,"date":"2024-05-01T18:56:54","date_gmt":"2024-05-01T16:56:54","guid":{"rendered":"https:\/\/h-town.de\/?p=227"},"modified":"2024-05-02T07:05:43","modified_gmt":"2024-05-02T05:05:43","slug":"unsere-hosenaer-kandidaten-fuer-die-kommunalwahl-2024","status":"publish","type":"post","link":"https:\/\/h-town.de\/?p=227","title":{"rendered":"Unsere Hosenaer Kandidaten f\u00fcr die Kommunalwahl 2024"},"content":{"rendered":"\n<p class=\"has-text-align-center\">Sehr geehrte Besucher unserer Website,<\/p>\n\n\n\n<p class=\"has-text-align-center\">in diesem Jahr finden wieder Kommunalwahlen statt, daher m\u00f6chten wir an dieser Stelle einmal unsere <strong>Hosenaer Kandidaten<\/strong> f\u00fcr den Ortsbeirat, die Stadtverordnetenversammlung, sowie den Kreistag vorstellen. Leider waren 3 der Kandidaten nicht erreichbar, wir versuchen aber deren Infos auch noch einzuholen.<\/p>\n\n\n\n<p class=\"has-text-align-center\"><strong>Um n\u00e4heres \u00fcber die einzelnen Kandidaten zu erfahren, klicken Sie bitte auf das jeweilige Bild.<\/strong><\/p>\n\n\n\n<p class=\"has-text-align-center\">Wir m\u00f6chten auch noch einmal daran erinnern, dass die Kommunalwahlen &#8222;Personenwahlen&#8220; sind, In der letzten Wahlperiode kam es vor, dass ein Kandidat aufgrund seiner Parteimitgliedschaft in den Ortsbeirat gew\u00e4hlt wurde. Diesen Kandidaten aber keiner kannte, geschweige denn, dass er in Hosena \u00fcberhaupt seinen Lebensmittelpunkt hatte. Dadurch musste sein Mandat gestrichen werden, was zur Folge hatte, dass der Ortsbeirat nur mit 4 Mitgliedern arbeitsf\u00e4hig war. <\/p>\n\n\n\n<p class=\"has-text-align-center\">Kommunale Politiker sind in erster Linie Ihr Sprachrohr in der Gestaltung unseres Ortes und dementsprechend k\u00f6nnen auch nur Personen f\u00fcr Sie sprechen, die auch ihre Probleme und Anliegen verstehen und mit denen Sie pers\u00f6nlich ohne weiteres in Kontakt treten k\u00f6nnen. Des weiteren m\u00f6chten wir noch anmerken, dass die Kandidaten nicht zwingend Mitglied in der Partei sind, auf deren Liste sie stehen. <\/p>\n\n\n\n<div class=\"wp-block-columns is-layout-flex wp-container-core-columns-is-layout-28f84493 wp-block-columns-is-layout-flex\">\n<div class=\"wp-block-column is-layout-flow wp-block-column-is-layout-flow\">\r\n\t<div class=\"paoc-image-popup\">\r\n\t\t<a class=\"paoc-popup-click paoc-popup-cust-279 paoc-popup-image paoc-popup-image\" href=\"javascript:void(0);\"><img decoding=\"async\" class=\"popupaoc-img\" src=\"https:\/\/h-town.de\/wp-content\/uploads\/2024\/04\/FW_H_Portraits_Nicole_W_2-225x300.jpg\" alt=\"\" \/><\/a>\r\n\r\n\t\t\t<\/div>\r\n\r\n\n<\/div>\n\n\n\n<div class=\"wp-block-column is-layout-flow wp-block-column-is-layout-flow\">\n<p><\/p>\n\n\n\n<p><strong>X Ortsbeirat<\/strong><\/p>\n\n\n\n<p><\/p>\n<\/div>\n\n\n\n<div class=\"wp-block-column is-layout-flow wp-block-column-is-layout-flow\">\r\n\t<div class=\"paoc-image-popup\">\r\n\t\t<a class=\"paoc-popup-click paoc-popup-cust-280 paoc-popup-image paoc-popup-image\" href=\"javascript:void(0);\"><img decoding=\"async\" class=\"popupaoc-img\" src=\"https:\/\/h-town.de\/wp-content\/uploads\/2024\/04\/FW_H_Portraits_Jan-225x300.jpg\" alt=\"\" \/><\/a>\r\n\r\n\t\t\t<\/div>\r\n\r\n\n<\/div>\n\n\n\n<div class=\"wp-block-column is-layout-flow wp-block-column-is-layout-flow\">\n<p><\/p>\n\n\n\n<p><strong>X Ortsbeirat<\/strong><\/p>\n\n\n\n<p><\/p>\n<\/div>\n<\/div>\n\n\n\n<div class=\"wp-block-columns is-layout-flex wp-container-core-columns-is-layout-28f84493 wp-block-columns-is-layout-flex\">\n<div class=\"wp-block-column is-layout-flow wp-block-column-is-layout-flow\">\r\n\t<div class=\"paoc-image-popup\">\r\n\t\t<a class=\"paoc-popup-click paoc-popup-cust-259 paoc-popup-image paoc-popup-image\" href=\"javascript:void(0);\"><img decoding=\"async\" class=\"popupaoc-img\" src=\"https:\/\/h-town.de\/wp-content\/uploads\/2024\/04\/WhatsApp-Bild-2024-04-20-um-13.00.48_37858469-213x300.jpg\" alt=\"\" \/><\/a>\r\n\r\n\t\t\t<\/div>\r\n\r\n\n<\/div>\n\n\n\n<div class=\"wp-block-column is-layout-flow wp-block-column-is-layout-flow\">\n<p><\/p>\n\n\n\n<p><strong>X Ortsbeirat<\/strong><\/p>\n\n\n\n<p><strong>X SVV<\/strong><\/p>\n\n\n\n<p><\/p>\n<\/div>\n\n\n\n<div class=\"wp-block-column is-layout-flow wp-block-column-is-layout-flow\">\r\n\t<div class=\"paoc-image-popup\">\r\n\t\t<a class=\"paoc-popup-click paoc-popup-cust-284 paoc-popup-image paoc-popup-image\" href=\"javascript:void(0);\"><img decoding=\"async\" class=\"popupaoc-img\" src=\"https:\/\/h-town.de\/wp-content\/uploads\/2024\/04\/FW_H_Portraits_Petra-225x300.jpg\" alt=\"\" \/><\/a>\r\n\r\n\t\t\t<\/div>\r\n\r\n\n<\/div>\n\n\n\n<div class=\"wp-block-column is-layout-flow wp-block-column-is-layout-flow\">\n<p><\/p>\n\n\n\n<p><strong>X Ortsbeirat<\/strong><\/p>\n\n\n\n<p><strong>X SVV<\/strong><\/p>\n<\/div>\n<\/div>\n\n\n\n<div class=\"wp-block-columns is-layout-flex wp-container-core-columns-is-layout-28f84493 wp-block-columns-is-layout-flex\">\n<div class=\"wp-block-column is-layout-flow wp-block-column-is-layout-flow\">\r\n\t<div class=\"paoc-image-popup\">\r\n\t\t<a class=\"paoc-popup-click paoc-popup-cust-268 paoc-popup-image paoc-popup-image\" href=\"javascript:void(0);\"><img decoding=\"async\" class=\"popupaoc-img\" src=\"https:\/\/h-town.de\/wp-content\/uploads\/2024\/04\/WhatsApp-Bild-2024-04-20-um-13.00.48_0b235002-213x300.jpg\" alt=\"\" \/><\/a>\r\n\r\n\t\t\t<\/div>\r\n\r\n\n<\/div>\n\n\n\n<div class=\"wp-block-column is-layout-flow wp-block-column-is-layout-flow\">\n<p><\/p>\n\n\n\n<p><strong>X Ortsbeirat<\/strong><\/p>\n\n\n\n<p><strong>X SVV<\/strong><\/p>\n<\/div>\n\n\n\n<div class=\"wp-block-column is-layout-flow wp-block-column-is-layout-flow\">\r\n\t<div class=\"paoc-image-popup\">\r\n\t\t<a class=\"paoc-popup-click paoc-popup-cust-276 paoc-popup-image paoc-popup-image\" href=\"javascript:void(0);\"><img decoding=\"async\" class=\"popupaoc-img\" src=\"https:\/\/h-town.de\/wp-content\/uploads\/2024\/04\/FW_H_Portraits_Nicole-225x300.jpg\" alt=\"\" \/><\/a>\r\n\r\n\t\t\t<\/div>\r\n\r\n\n<\/div>\n\n\n\n<div class=\"wp-block-column is-layout-flow wp-block-column-is-layout-flow\">\n<p><\/p>\n\n\n\n<p><strong>X Ortsbeirat<\/strong><\/p>\n\n\n\n<p><strong>X SVV<\/strong><\/p>\n<\/div>\n<\/div>\n\n\n\n<div class=\"wp-block-columns is-layout-flex wp-container-core-columns-is-layout-28f84493 wp-block-columns-is-layout-flex\">\n<div class=\"wp-block-column is-layout-flow wp-block-column-is-layout-flow\">\r\n\t<div class=\"paoc-image-popup\">\r\n\t\t<a class=\"paoc-popup-click paoc-popup-cust-281 paoc-popup-image paoc-popup-image\" href=\"javascript:void(0);\"><img decoding=\"async\" class=\"popupaoc-img\" src=\"https:\/\/h-town.de\/wp-content\/uploads\/2024\/04\/FW_H_Portraits_Katrin-225x300.jpg\" alt=\"\" \/><\/a>\r\n\r\n\t\t\t<\/div>\r\n\r\n\n<\/div>\n\n\n\n<div class=\"wp-block-column is-layout-flow wp-block-column-is-layout-flow\">\n<p><\/p>\n\n\n\n<p><strong>X Ortsbeirat<\/strong><\/p>\n\n\n\n<p><strong>X SVV<\/strong><\/p>\n<\/div>\n\n\n\n<div class=\"wp-block-column is-layout-flow wp-block-column-is-layout-flow\">\r\n\t<div class=\"paoc-image-popup\">\r\n\t\t<a class=\"paoc-popup-click paoc-popup-cust-283 paoc-popup-image paoc-popup-image\" href=\"javascript:void(0);\"><img decoding=\"async\" class=\"popupaoc-img\" src=\"https:\/\/h-town.de\/wp-content\/uploads\/2024\/04\/FW_H_Portraits_Werner-225x300.jpg\" alt=\"\" \/><\/a>\r\n\r\n\t\t\t<\/div>\r\n\r\n\n<\/div>\n\n\n\n<div class=\"wp-block-column is-layout-flow wp-block-column-is-layout-flow\">\n<p><\/p>\n\n\n\n<p><strong>X Ortsbeirat<\/strong><\/p>\n\n\n\n<p><strong>X SVV<\/strong><\/p>\n<\/div>\n<\/div>\n\n\n\n<div class=\"wp-block-columns is-layout-flex wp-container-core-columns-is-layout-28f84493 wp-block-columns-is-layout-flex\">\n<div class=\"wp-block-column is-layout-flow wp-block-column-is-layout-flow\">\r\n\t<div class=\"paoc-image-popup\">\r\n\t\t<a class=\"paoc-popup-click paoc-popup-cust-267 paoc-popup-image paoc-popup-image\" href=\"javascript:void(0);\"><img decoding=\"async\" class=\"popupaoc-img\" src=\"https:\/\/h-town.de\/wp-content\/uploads\/2024\/04\/WhatsApp-Bild-2024-04-20-um-13.00.47_1fce2876-213x300.jpg\" alt=\"\" \/><\/a>\r\n\r\n\t\t\t<\/div>\r\n\r\n\n<\/div>\n\n\n\n<div class=\"wp-block-column is-layout-flow wp-block-column-is-layout-flow\">\n<p><\/p>\n\n\n\n<p><strong>X Ortsbeirat<\/strong><\/p>\n\n\n\n<p><strong>X SVV<\/strong><\/p>\n\n\n\n<p><strong>X Kreistag<\/strong><\/p>\n<\/div>\n\n\n\n<div class=\"wp-block-column is-layout-flow wp-block-column-is-layout-flow\">\r\n\t<div class=\"paoc-image-popup\">\r\n\t\t<a class=\"paoc-popup-click paoc-popup-cust-286 paoc-popup-image paoc-popup-image\" href=\"javascript:void(0);\"><img decoding=\"async\" class=\"popupaoc-img\" src=\"https:\/\/h-town.de\/wp-content\/uploads\/2024\/04\/FW_H_Portraits_Marcel-225x300.jpg\" alt=\"\" \/><\/a>\r\n\r\n\t\t\t<\/div>\r\n\r\n\n<\/div>\n\n\n\n<div class=\"wp-block-column is-layout-flow wp-block-column-is-layout-flow\">\n<p><\/p>\n\n\n\n<p><strong>X Ortsbeirat<\/strong><\/p>\n\n\n\n<p><strong>X SVV<\/strong><\/p>\n\n\n\n<p><strong>X Kreistag<\/strong><\/p>\n<\/div>\n<\/div>\n\n\n\n<div class=\"wp-block-columns is-layout-flex wp-container-core-columns-is-layout-28f84493 wp-block-columns-is-layout-flex\">\n<div class=\"wp-block-column is-layout-flow wp-block-column-is-layout-flow\">\r\n\t<div class=\"paoc-image-popup\">\r\n\t\t<a class=\"paoc-popup-click paoc-popup-cust-271 paoc-popup-image paoc-popup-image\" href=\"javascript:void(0);\"><img decoding=\"async\" class=\"popupaoc-img\" src=\"https:\/\/h-town.de\/wp-content\/uploads\/2024\/04\/IMG_1035-200x300.jpeg\" alt=\"\" \/><\/a>\r\n\r\n\t\t\t<\/div>\r\n\r\n\n<\/div>\n\n\n\n<div class=\"wp-block-column is-layout-flow wp-block-column-is-layout-flow\">\n<p><\/p>\n\n\n\n<p><strong>X SVV<\/strong><\/p>\n<\/div>\n\n\n\n<div class=\"wp-block-column is-layout-flow wp-block-column-is-layout-flow\">\r\n\t<div class=\"paoc-image-popup\">\r\n\t\t<a class=\"paoc-popup-click paoc-popup-cust-270 paoc-popup-image paoc-popup-image\" href=\"javascript:void(0);\"><img decoding=\"async\" class=\"popupaoc-img\" src=\"https:\/\/h-town.de\/wp-content\/uploads\/2024\/04\/CDU_sfb_platte_wahl_hlk_a1_versionen_19-213x300.png\" alt=\"\" \/><\/a>\r\n\r\n\t\t\t<\/div>\r\n\r\n\n<\/div>\n\n\n\n<div class=\"wp-block-column is-layout-flow wp-block-column-is-layout-flow\">\n<p><\/p>\n\n\n\n<p><strong>X SVV<\/strong><\/p>\n\n\n\n<p><strong>X Kreistag<\/strong><\/p>\n<\/div>\n<\/div>\n\n\n\n<div class=\"wp-block-columns is-layout-flex wp-container-core-columns-is-layout-28f84493 wp-block-columns-is-layout-flex\">\n<div class=\"wp-block-column is-layout-flow wp-block-column-is-layout-flow\"><\/div>\n\n\n\n<div class=\"wp-block-column is-layout-flow wp-block-column-is-layout-flow\">\r\n\t<div class=\"paoc-image-popup\">\r\n\t\t<a class=\"paoc-popup-click paoc-popup-cust-287 paoc-popup-image paoc-popup-image\" href=\"javascript:void(0);\"><img decoding=\"async\" class=\"popupaoc-img\" src=\"https:\/\/h-town.de\/wp-content\/uploads\/2024\/04\/FW_H_Portraits_Olli-225x300.jpg\" alt=\"\" \/><\/a>\r\n\r\n\t\t\t<\/div>\r\n\r\n\n<\/div>\n\n\n\n<div class=\"wp-block-column is-layout-flow wp-block-column-is-layout-flow\">\n<p><\/p>\n\n\n\n<p><strong>X SVV<\/strong><\/p>\n\n\n\n<p><strong>X Kreistag<\/strong><\/p>\n<\/div>\n\n\n\n<div class=\"wp-block-column is-layout-flow wp-block-column-is-layout-flow\"><\/div>\n<\/div>\n\n\n\n<p class=\"has-text-align-center\"><strong>Fehlende Kandidaten. sowie weitere Kandidaten au\u00dferhalb unseres Ortsteils k\u00f6nnen Sie den \u00f6ffentlichen Bekanntmachungen entnehmen:<\/strong><\/p>\n\n\n\n<p class=\"has-text-align-center\"><a href=\"https:\/\/www.senftenberg.de\/media\/custom\/2779_5750_1.PDF?1712908402\">Wahlvorschlagsliste Ortsbeirat Hosena<\/a><\/p>\n\n\n\n<p class=\"has-text-align-center\"><a href=\"https:\/\/www.senftenberg.de\/media\/custom\/2779_5753_1.PDF?1712908564\">Wahlvorschlagsliste Stadtverordnetenversammlung Senftenberg<\/a><\/p>\n\n\n\n<p class=\"has-text-align-center\"><a href=\"https:\/\/daten2.verwaltungsportal.de\/dateien\/seitengenerator\/134db837347f16f4f89010c09e9e13138398\/NEU_Wahlvorschl_ge_final.pdf\">Wahlvorschlagsliste Kreistag OSL<\/a><\/p>\n","protected":false},"excerpt":{"rendered":"<p>Sehr geehrte Besucher unserer Website, in diesem Jahr finden wieder Kommunalwahlen statt, daher m\u00f6chten wir an dieser Stelle einmal unsere Hosenaer Kandidaten f\u00fcr [&hellip;]<\/p>\n","protected":false},"author":1,"featured_media":228,"comment_status":"open","ping_status":"closed","sticky":false,"template":"","format":"standard","meta":{"_eb_attr":"","_jetpack_memberships_contains_paid_content":false,"footnotes":""},"categories":[1],"tags":[],"class_list":["post-227","post","type-post","status-publish","format-standard","has-post-thumbnail","hentry","category-allgemein"],"jetpack_featured_media_url":"https:\/\/h-town.de\/wp-content\/uploads\/2024\/04\/9cf30274-b586-4f07-9b9c-3d17f5635b41.png","jetpack_sharing_enabled":true,"_links":{"self":[{"href":"https:\/\/h-town.de\/index.php?rest_route=\/wp\/v2\/posts\/227","targetHints":{"allow":["GET"]}}],"collection":[{"href":"https:\/\/h-town.de\/index.php?rest_route=\/wp\/v2\/posts"}],"about":[{"href":"https:\/\/h-town.de\/index.php?rest_route=\/wp\/v2\/types\/post"}],"author":[{"embeddable":true,"href":"https:\/\/h-town.de\/index.php?rest_route=\/wp\/v2\/users\/1"}],"replies":[{"embeddable":true,"href":"https:\/\/h-town.de\/index.php?rest_route=%2Fwp%2Fv2%2Fcomments&post=227"}],"version-history":[{"count":26,"href":"https:\/\/h-town.de\/index.php?rest_route=\/wp\/v2\/posts\/227\/revisions"}],"predecessor-version":[{"id":312,"href":"https:\/\/h-town.de\/index.php?rest_route=\/wp\/v2\/posts\/227\/revisions\/312"}],"wp:featuredmedia":[{"embeddable":true,"href":"https:\/\/h-town.de\/index.php?rest_route=\/wp\/v2\/media\/228"}],"wp:attachment":[{"href":"https:\/\/h-town.de\/index.php?rest_route=%2Fwp%2Fv2%2Fmedia&parent=227"}],"wp:term":[{"taxonomy":"category","embeddable":true,"href":"https:\/\/h-town.de\/index.php?rest_route=%2Fwp%2Fv2%2Fcategories&post=227"},{"taxonomy":"post_tag","embeddable":true,"href":"https:\/\/h-town.de\/index.php?rest_route=%2Fwp%2Fv2%2Ftags&post=227"}],"curies":[{"name":"wp","href":"https:\/\/api.w.org\/{rel}","templated":true}]}}