{"id":958,"date":"2026-01-19T22:44:17","date_gmt":"2026-01-19T21:44:17","guid":{"rendered":"https:\/\/h-town.de\/?p=958"},"modified":"2026-01-19T22:44:17","modified_gmt":"2026-01-19T21:44:17","slug":"%f0%9f%97%b3%ef%b8%8f-stichwahl-zur-landratswahl-im-landkreis-osl-am-25-januar-2026","status":"publish","type":"post","link":"https:\/\/h-town.de\/?p=958","title":{"rendered":"\ud83d\uddf3\ufe0f Stichwahl zur Landratswahl im Landkreis OSL am 25. Januar 2026"},"content":{"rendered":"\n<p>Am Sonntag, <strong>25. Januar 2026<\/strong>, findet im <strong>Landkreis Oberspreewald-Lausitz<\/strong> die <strong>Stichwahl zur Wahl der Landr\u00e4tin oder des Landrates<\/strong> statt. Grund daf\u00fcr ist, dass im ersten Wahlgang am <strong>11. Januar 2026<\/strong> keiner der Kandidierenden die erforderliche Mehrheit der Stimmen erreichen konnte.<\/p>\n\n\n\n<h3 class=\"wp-block-heading\">\ud83e\uddfe Hintergrund zur Wahl<\/h3>\n\n\n\n<p>Im ersten Wahlgang traten drei Kandidierende an. Keiner erhielt die f\u00fcr eine Direktwahl n\u00f6tigen <strong>mehr als 50 % der Stimmen<\/strong>, weshalb die beiden Bestplatzierten in eine Stichwahl gingen:<\/p>\n\n\n\n<ul class=\"wp-block-list\">\n<li><strong>Alexander Erbert (CDU)<\/strong> \u2013 rund 48,8 % der Stimmen<\/li>\n\n\n\n<li><strong>Antje Ruhland-F\u00fchrer (AfD)<\/strong> \u2013 rund 43,6 % der Stimmen<\/li>\n<\/ul>\n\n\n\n<p>Damit entscheiden die Wahlberechtigten am <strong>25. Januar 2026<\/strong>, wer k\u00fcnftig die Aufgaben der Kreisverwaltung f\u00fchrt, die Kommunen vertritt und die Zukunft unseres Landkreises gestaltet.<\/p>\n\n\n\n<h3 class=\"wp-block-heading\">\ud83d\uddf3\ufe0f Wichtige Infos f\u00fcr W\u00e4hlerinnen und W\u00e4hler<\/h3>\n\n\n\n<ul class=\"wp-block-list\">\n<li>Die Wahllokale sind am <strong>25. Januar 2026 von 08:00 bis 18:00 Uhr<\/strong> ge\u00f6ffnet.<\/li>\n\n\n\n<li><strong>Briefwahlunterlagen<\/strong>: Wer bereits f\u00fcr den ersten Wahlgang Briefwahl beantragt hat, erh\u00e4lt die Unterlagen automatisch, sofern kein anderer Wunsch ge\u00e4u\u00dfert wurde.<\/li>\n\n\n\n<li>Es ist <strong>keine neue Wahlbenachrichtigung<\/strong> notwendig \u2013 die bereits zugesandte Benachrichtigung kann erneut genutzt werden.<\/li>\n<\/ul>\n\n\n\n<h3 class=\"wp-block-heading\">\ud83d\udcac Warum teilnehmen?<\/h3>\n\n\n\n<p>Die Landr\u00e4tin oder der Landrat des Landkreises OSL pr\u00e4gt viele Bereiche des t\u00e4glichen Lebens \u2013 von Stra\u00dfen, Schulen und Kitas \u00fcber den \u00f6ffentlichen Nahverkehr bis hin zu sozialen Diensten und der Abfallwirtschaft. Eine hohe Wahlbeteiligung st\u00e4rkt die demokratische Legitimation dieser Entscheidung und beeinflusst die Entwicklung unserer Region ma\u00dfgeblich.<\/p>\n\n\n\n<p>\ud83d\udc49 <strong>Nutzen Sie Ihre Stimme \u2013 jede Stimme z\u00e4hlt!<\/strong><\/p>\n\n\n\n<p><\/p>\n\n\n\n<p>Quelle: <a href=\"https:\/\/www.senftenberg.de\/Bildung-Kultur\/Stichwahl-im-Landkreis-OSL-am-25-Januar.php?object=tx,2779.5&amp;ModID=7&amp;FID=2779.37345.1&amp;NavID=2779.7&amp;La=1\">https:\/\/www.senftenberg.de\/Bildung-Kultur\/Stichwahl-im-Landkreis-OSL-am-25-Januar.php?object=tx,2779.5&amp;ModID=7&amp;FID=2779.37345.1&amp;NavID=2779.7&amp;La=1<\/a><\/p>\n","protected":false},"excerpt":{"rendered":"<p>Am Sonntag, 25. Januar 2026, findet im Landkreis Oberspreewald-Lausitz die Stichwahl zur Wahl der Landr\u00e4tin oder des Landrates statt. Grund daf\u00fcr ist, dass [&hellip;]<\/p>\n","protected":false},"author":1,"featured_media":228,"comment_status":"open","ping_status":"closed","sticky":false,"template":"","format":"standard","meta":{"_eb_attr":"","_jetpack_memberships_contains_paid_content":false,"footnotes":""},"categories":[15,9],"tags":[],"class_list":["post-958","post","type-post","status-publish","format-standard","has-post-thumbnail","hentry","category-politik","category-region"],"jetpack_featured_media_url":"https:\/\/h-town.de\/wp-content\/uploads\/2024\/04\/9cf30274-b586-4f07-9b9c-3d17f5635b41.png","jetpack_sharing_enabled":true,"_links":{"self":[{"href":"https:\/\/h-town.de\/index.php?rest_route=\/wp\/v2\/posts\/958","targetHints":{"allow":["GET"]}}],"collection":[{"href":"https:\/\/h-town.de\/index.php?rest_route=\/wp\/v2\/posts"}],"about":[{"href":"https:\/\/h-town.de\/index.php?rest_route=\/wp\/v2\/types\/post"}],"author":[{"embeddable":true,"href":"https:\/\/h-town.de\/index.php?rest_route=\/wp\/v2\/users\/1"}],"replies":[{"embeddable":true,"href":"https:\/\/h-town.de\/index.php?rest_route=%2Fwp%2Fv2%2Fcomments&post=958"}],"version-history":[{"count":1,"href":"https:\/\/h-town.de\/index.php?rest_route=\/wp\/v2\/posts\/958\/revisions"}],"predecessor-version":[{"id":959,"href":"https:\/\/h-town.de\/index.php?rest_route=\/wp\/v2\/posts\/958\/revisions\/959"}],"wp:featuredmedia":[{"embeddable":true,"href":"https:\/\/h-town.de\/index.php?rest_route=\/wp\/v2\/media\/228"}],"wp:attachment":[{"href":"https:\/\/h-town.de\/index.php?rest_route=%2Fwp%2Fv2%2Fmedia&parent=958"}],"wp:term":[{"taxonomy":"category","embeddable":true,"href":"https:\/\/h-town.de\/index.php?rest_route=%2Fwp%2Fv2%2Fcategories&post=958"},{"taxonomy":"post_tag","embeddable":true,"href":"https:\/\/h-town.de\/index.php?rest_route=%2Fwp%2Fv2%2Ftags&post=958"}],"curies":[{"name":"wp","href":"https:\/\/api.w.org\/{rel}","templated":true}]}}